{"id":974,"date":"2020-02-16T14:38:52","date_gmt":"2020-02-16T13:38:52","guid":{"rendered":"http:\/\/baptysci-wrzesnia.pl\/?p=974"},"modified":"2020-02-16T14:38:52","modified_gmt":"2020-02-16T13:38:52","slug":"d-banicki-negatywne-myslenie-czas-z-tym-skonczyc-16-02-2020","status":"publish","type":"post","link":"http:\/\/baptysci-wrzesnia.pl\/index.php\/2020\/02\/16\/d-banicki-negatywne-myslenie-czas-z-tym-skonczyc-16-02-2020\/","title":{"rendered":"D. Banicki &#8222;Negatywne my\u015blenie &#8211; czas z tym sko\u0144czy\u0107&#8221; 16.02.2020"},"content":{"rendered":"<p>Konspekt do Kazania <a href=\"http:\/\/baptysci-wrzesnia.pl\/wp-content\/uploads\/2020\/02\/Negatywne-my\u015blenie-czas-z-tym-sko\u0144czy\u0107.pdf\">Negatywne my\u015blenie &#8211; czas z tym sko\u0144czy\u0107<\/a><\/p>\n","protected":false},"excerpt":{"rendered":"<p>Konspekt do Kazania Negatywne my\u015blenie &#8211; czas z tym sko\u0144czy\u0107<\/p>\n","protected":false},"author":2,"featured_media":182,"comment_status":"closed","ping_status":"closed","sticky":false,"template":"","format":"audio","meta":[],"categories":[2],"tags":[],"_links":{"self":[{"href":"http:\/\/baptysci-wrzesnia.pl\/index.php\/wp-json\/wp\/v2\/posts\/974"}],"collection":[{"href":"http:\/\/baptysci-wrzesnia.pl\/index.php\/wp-json\/wp\/v2\/posts"}],"about":[{"href":"http:\/\/baptysci-wrzesnia.pl\/index.php\/wp-json\/wp\/v2\/types\/post"}],"author":[{"embeddable":true,"href":"http:\/\/baptysci-wrzesnia.pl\/index.php\/wp-json\/wp\/v2\/users\/2"}],"replies":[{"embeddable":true,"href":"http:\/\/baptysci-wrzesnia.pl\/index.php\/wp-json\/wp\/v2\/comments?post=974"}],"version-history":[{"count":1,"href":"http:\/\/baptysci-wrzesnia.pl\/index.php\/wp-json\/wp\/v2\/posts\/974\/revisions"}],"predecessor-version":[{"id":975,"href":"http:\/\/baptysci-wrzesnia.pl\/index.php\/wp-json\/wp\/v2\/posts\/974\/revisions\/975"}],"wp:featuredmedia":[{"embeddable":true,"href":"http:\/\/baptysci-wrzesnia.pl\/index.php\/wp-json\/wp\/v2\/media\/182"}],"wp:attachment":[{"href":"http:\/\/baptysci-wrzesnia.pl\/index.php\/wp-json\/wp\/v2\/media?parent=974"}],"wp:term":[{"taxonomy":"category","embeddable":true,"href":"http:\/\/baptysci-wrzesnia.pl\/index.php\/wp-json\/wp\/v2\/categories?post=974"},{"taxonomy":"post_tag","embeddable":true,"href":"http:\/\/baptysci-wrzesnia.pl\/index.php\/wp-json\/wp\/v2\/tags?post=974"}],"curies":[{"name":"wp","href":"https:\/\/api.w.org\/{rel}","templated":true}]}}