{"id":855,"date":"2019-06-13T15:39:48","date_gmt":"2019-06-13T13:39:48","guid":{"rendered":"http:\/\/baptysci-wrzesnia.pl\/?p=855"},"modified":"2019-06-13T15:41:23","modified_gmt":"2019-06-13T13:41:23","slug":"d-banicki-pamiatka-zeslania-ducha-swietego-09-06-2019","status":"publish","type":"post","link":"http:\/\/baptysci-wrzesnia.pl\/index.php\/2019\/06\/13\/d-banicki-pamiatka-zeslania-ducha-swietego-09-06-2019\/","title":{"rendered":"D. Banicki &#8222;Pami\u0105tka zes\u0142ania Ducha \u015awi\u0119tego&#8221; 09.06.2019"},"content":{"rendered":"","protected":false},"excerpt":{"rendered":"","protected":false},"author":2,"featured_media":182,"comment_status":"closed","ping_status":"closed","sticky":false,"template":"","format":"audio","meta":[],"categories":[2],"tags":[],"_links":{"self":[{"href":"http:\/\/baptysci-wrzesnia.pl\/index.php\/wp-json\/wp\/v2\/posts\/855"}],"collection":[{"href":"http:\/\/baptysci-wrzesnia.pl\/index.php\/wp-json\/wp\/v2\/posts"}],"about":[{"href":"http:\/\/baptysci-wrzesnia.pl\/index.php\/wp-json\/wp\/v2\/types\/post"}],"author":[{"embeddable":true,"href":"http:\/\/baptysci-wrzesnia.pl\/index.php\/wp-json\/wp\/v2\/users\/2"}],"replies":[{"embeddable":true,"href":"http:\/\/baptysci-wrzesnia.pl\/index.php\/wp-json\/wp\/v2\/comments?post=855"}],"version-history":[{"count":2,"href":"http:\/\/baptysci-wrzesnia.pl\/index.php\/wp-json\/wp\/v2\/posts\/855\/revisions"}],"predecessor-version":[{"id":858,"href":"http:\/\/baptysci-wrzesnia.pl\/index.php\/wp-json\/wp\/v2\/posts\/855\/revisions\/858"}],"wp:featuredmedia":[{"embeddable":true,"href":"http:\/\/baptysci-wrzesnia.pl\/index.php\/wp-json\/wp\/v2\/media\/182"}],"wp:attachment":[{"href":"http:\/\/baptysci-wrzesnia.pl\/index.php\/wp-json\/wp\/v2\/media?parent=855"}],"wp:term":[{"taxonomy":"category","embeddable":true,"href":"http:\/\/baptysci-wrzesnia.pl\/index.php\/wp-json\/wp\/v2\/categories?post=855"},{"taxonomy":"post_tag","embeddable":true,"href":"http:\/\/baptysci-wrzesnia.pl\/index.php\/wp-json\/wp\/v2\/tags?post=855"}],"curies":[{"name":"wp","href":"https:\/\/api.w.org\/{rel}","templated":true}]}}