{"id":2453,"date":"2026-03-29T17:28:12","date_gmt":"2026-03-29T15:28:12","guid":{"rendered":"http:\/\/baptysci-wrzesnia.pl\/?p=2453"},"modified":"2026-03-29T17:28:12","modified_gmt":"2026-03-29T15:28:12","slug":"d-banicki-listy-do-siedmiu-kosciolow-cz-7-list-do-laodycei-29-03-2026-r","status":"publish","type":"post","link":"http:\/\/baptysci-wrzesnia.pl\/index.php\/2026\/03\/29\/d-banicki-listy-do-siedmiu-kosciolow-cz-7-list-do-laodycei-29-03-2026-r\/","title":{"rendered":"D. Banicki: &#8222;Listy do siedmiu ko\u015bcio\u0142\u00f3w, cz.7 &#8211; List do Laodycei&#8221;. 29.03.2026 r."},"content":{"rendered":"","protected":false},"excerpt":{"rendered":"","protected":false},"author":3,"featured_media":108,"comment_status":"closed","ping_status":"closed","sticky":false,"template":"","format":"audio","meta":[],"categories":[1,2],"tags":[],"_links":{"self":[{"href":"http:\/\/baptysci-wrzesnia.pl\/index.php\/wp-json\/wp\/v2\/posts\/2453"}],"collection":[{"href":"http:\/\/baptysci-wrzesnia.pl\/index.php\/wp-json\/wp\/v2\/posts"}],"about":[{"href":"http:\/\/baptysci-wrzesnia.pl\/index.php\/wp-json\/wp\/v2\/types\/post"}],"author":[{"embeddable":true,"href":"http:\/\/baptysci-wrzesnia.pl\/index.php\/wp-json\/wp\/v2\/users\/3"}],"replies":[{"embeddable":true,"href":"http:\/\/baptysci-wrzesnia.pl\/index.php\/wp-json\/wp\/v2\/comments?post=2453"}],"version-history":[{"count":1,"href":"http:\/\/baptysci-wrzesnia.pl\/index.php\/wp-json\/wp\/v2\/posts\/2453\/revisions"}],"predecessor-version":[{"id":2454,"href":"http:\/\/baptysci-wrzesnia.pl\/index.php\/wp-json\/wp\/v2\/posts\/2453\/revisions\/2454"}],"wp:featuredmedia":[{"embeddable":true,"href":"http:\/\/baptysci-wrzesnia.pl\/index.php\/wp-json\/wp\/v2\/media\/108"}],"wp:attachment":[{"href":"http:\/\/baptysci-wrzesnia.pl\/index.php\/wp-json\/wp\/v2\/media?parent=2453"}],"wp:term":[{"taxonomy":"category","embeddable":true,"href":"http:\/\/baptysci-wrzesnia.pl\/index.php\/wp-json\/wp\/v2\/categories?post=2453"},{"taxonomy":"post_tag","embeddable":true,"href":"http:\/\/baptysci-wrzesnia.pl\/index.php\/wp-json\/wp\/v2\/tags?post=2453"}],"curies":[{"name":"wp","href":"https:\/\/api.w.org\/{rel}","templated":true}]}}