{"id":2115,"date":"2024-04-21T17:35:27","date_gmt":"2024-04-21T15:35:27","guid":{"rendered":"http:\/\/baptysci-wrzesnia.pl\/?p=2115"},"modified":"2024-04-21T17:37:20","modified_gmt":"2024-04-21T15:37:20","slug":"d-banickisladem-siedmiu-znakow-wg-ewangelii-sw-jana-cz-1-21-04-2024-r","status":"publish","type":"post","link":"http:\/\/baptysci-wrzesnia.pl\/index.php\/2024\/04\/21\/d-banickisladem-siedmiu-znakow-wg-ewangelii-sw-jana-cz-1-21-04-2024-r\/","title":{"rendered":"D. Banicki:&#8221;\u015aladem siedmiu znak\u00f3w wg Ewangelii \u015bw. Jana &#8211; cz.1&#8243; 21.04.2024 r."},"content":{"rendered":"","protected":false},"excerpt":{"rendered":"","protected":false},"author":3,"featured_media":108,"comment_status":"closed","ping_status":"closed","sticky":false,"template":"","format":"audio","meta":[],"categories":[1,2],"tags":[],"_links":{"self":[{"href":"http:\/\/baptysci-wrzesnia.pl\/index.php\/wp-json\/wp\/v2\/posts\/2115"}],"collection":[{"href":"http:\/\/baptysci-wrzesnia.pl\/index.php\/wp-json\/wp\/v2\/posts"}],"about":[{"href":"http:\/\/baptysci-wrzesnia.pl\/index.php\/wp-json\/wp\/v2\/types\/post"}],"author":[{"embeddable":true,"href":"http:\/\/baptysci-wrzesnia.pl\/index.php\/wp-json\/wp\/v2\/users\/3"}],"replies":[{"embeddable":true,"href":"http:\/\/baptysci-wrzesnia.pl\/index.php\/wp-json\/wp\/v2\/comments?post=2115"}],"version-history":[{"count":2,"href":"http:\/\/baptysci-wrzesnia.pl\/index.php\/wp-json\/wp\/v2\/posts\/2115\/revisions"}],"predecessor-version":[{"id":2117,"href":"http:\/\/baptysci-wrzesnia.pl\/index.php\/wp-json\/wp\/v2\/posts\/2115\/revisions\/2117"}],"wp:featuredmedia":[{"embeddable":true,"href":"http:\/\/baptysci-wrzesnia.pl\/index.php\/wp-json\/wp\/v2\/media\/108"}],"wp:attachment":[{"href":"http:\/\/baptysci-wrzesnia.pl\/index.php\/wp-json\/wp\/v2\/media?parent=2115"}],"wp:term":[{"taxonomy":"category","embeddable":true,"href":"http:\/\/baptysci-wrzesnia.pl\/index.php\/wp-json\/wp\/v2\/categories?post=2115"},{"taxonomy":"post_tag","embeddable":true,"href":"http:\/\/baptysci-wrzesnia.pl\/index.php\/wp-json\/wp\/v2\/tags?post=2115"}],"curies":[{"name":"wp","href":"https:\/\/api.w.org\/{rel}","templated":true}]}}