{"id":1114,"date":"2021-04-04T13:20:24","date_gmt":"2021-04-04T11:20:24","guid":{"rendered":"http:\/\/baptysci-wrzesnia.pl\/?p=1114"},"modified":"2021-04-04T17:34:41","modified_gmt":"2021-04-04T15:34:41","slug":"d-banicki-swieto-zycia-04-04-2021","status":"publish","type":"post","link":"http:\/\/baptysci-wrzesnia.pl\/index.php\/2021\/04\/04\/d-banicki-swieto-zycia-04-04-2021\/","title":{"rendered":"D. Banicki &#8222;\u015awi\u0119to \u017cycia&#8221; 04.04.2021"},"content":{"rendered":"<p>Konspekt do kazania\u00a0\u00a0<a href=\"http:\/\/baptysci-wrzesnia.pl\/wp-content\/uploads\/2021\/04\/\u015awi\u0119to-\u017cycia.pdf\">&#8222;\u015awi\u0119to \u017cycia&#8221;<\/a><\/p>\n","protected":false},"excerpt":{"rendered":"<p>Konspekt do kazania\u00a0\u00a0&#8222;\u015awi\u0119to \u017cycia&#8221;<\/p>\n","protected":false},"author":2,"featured_media":182,"comment_status":"closed","ping_status":"closed","sticky":false,"template":"","format":"audio","meta":[],"categories":[1,2],"tags":[],"_links":{"self":[{"href":"http:\/\/baptysci-wrzesnia.pl\/index.php\/wp-json\/wp\/v2\/posts\/1114"}],"collection":[{"href":"http:\/\/baptysci-wrzesnia.pl\/index.php\/wp-json\/wp\/v2\/posts"}],"about":[{"href":"http:\/\/baptysci-wrzesnia.pl\/index.php\/wp-json\/wp\/v2\/types\/post"}],"author":[{"embeddable":true,"href":"http:\/\/baptysci-wrzesnia.pl\/index.php\/wp-json\/wp\/v2\/users\/2"}],"replies":[{"embeddable":true,"href":"http:\/\/baptysci-wrzesnia.pl\/index.php\/wp-json\/wp\/v2\/comments?post=1114"}],"version-history":[{"count":3,"href":"http:\/\/baptysci-wrzesnia.pl\/index.php\/wp-json\/wp\/v2\/posts\/1114\/revisions"}],"predecessor-version":[{"id":1119,"href":"http:\/\/baptysci-wrzesnia.pl\/index.php\/wp-json\/wp\/v2\/posts\/1114\/revisions\/1119"}],"wp:featuredmedia":[{"embeddable":true,"href":"http:\/\/baptysci-wrzesnia.pl\/index.php\/wp-json\/wp\/v2\/media\/182"}],"wp:attachment":[{"href":"http:\/\/baptysci-wrzesnia.pl\/index.php\/wp-json\/wp\/v2\/media?parent=1114"}],"wp:term":[{"taxonomy":"category","embeddable":true,"href":"http:\/\/baptysci-wrzesnia.pl\/index.php\/wp-json\/wp\/v2\/categories?post=1114"},{"taxonomy":"post_tag","embeddable":true,"href":"http:\/\/baptysci-wrzesnia.pl\/index.php\/wp-json\/wp\/v2\/tags?post=1114"}],"curies":[{"name":"wp","href":"https:\/\/api.w.org\/{rel}","templated":true}]}}